{"id":52,"date":"2017-02-10T00:00:00","date_gmt":"2017-02-09T23:00:00","guid":{"rendered":"http:\/\/irelena.vl27225.dinaserver.com\/els-colors-que-son-tendencia-a-cortines\/"},"modified":"2025-01-31T08:06:06","modified_gmt":"2025-01-31T07:06:06","slug":"els-colors-que-son-tendencia-cortines","status":"publish","type":"post","link":"https:\/\/www.irelena.com\/ca\/els-colors-que-son-tendencia-cortines\/","title":{"rendered":"Els colors que s\u00f3n tend\u00e8ncia a cortines"},"content":{"rendered":"<p>Segons Laurie Pressman, de l&#8217;Pantone Color Institute, aquests s\u00f3n els 10 colors que m\u00e9s veurem en els projectes de decoraci\u00f3 a partir de la primavera que 2017. Alguns decoradors i interioristes TOP, com Vanessa Scoffier, ja s&#8217;han avan\u00e7at i han utilitzat alguns d&#8217;aquests colors en els seus projectes. Vanessa signa aquest projecte d&#8217;un hotel boutique a Paris, l&#8217;hotel Henriette, que desataca per la seva frescor i la seva calidesa. Estem desitjant fer una escapadeta a Par\u00eds per visitar-lo!<\/p>\n","protected":false},"excerpt":{"rendered":"<p>La paleta de colors de Pantone que ser&agrave; tend&egrave;ncia aquesta primavera-estiu del 2017 ja ha arribat!<\/p>\n","protected":false},"author":2,"featured_media":56,"comment_status":"closed","ping_status":"open","sticky":false,"template":"","format":"standard","meta":{"_acf_changed":false,"footnotes":""},"categories":[16],"tags":[],"class_list":["post-52","post","type-post","status-publish","format-standard","has-post-thumbnail","hentry","category-uncategorized-ca"],"acf":[],"_links":{"self":[{"href":"https:\/\/www.irelena.com\/ca\/wp-json\/wp\/v2\/posts\/52","targetHints":{"allow":["GET"]}}],"collection":[{"href":"https:\/\/www.irelena.com\/ca\/wp-json\/wp\/v2\/posts"}],"about":[{"href":"https:\/\/www.irelena.com\/ca\/wp-json\/wp\/v2\/types\/post"}],"author":[{"embeddable":true,"href":"https:\/\/www.irelena.com\/ca\/wp-json\/wp\/v2\/users\/2"}],"replies":[{"embeddable":true,"href":"https:\/\/www.irelena.com\/ca\/wp-json\/wp\/v2\/comments?post=52"}],"version-history":[{"count":2,"href":"https:\/\/www.irelena.com\/ca\/wp-json\/wp\/v2\/posts\/52\/revisions"}],"predecessor-version":[{"id":1689,"href":"https:\/\/www.irelena.com\/ca\/wp-json\/wp\/v2\/posts\/52\/revisions\/1689"}],"wp:featuredmedia":[{"embeddable":true,"href":"https:\/\/www.irelena.com\/ca\/wp-json\/wp\/v2\/media\/56"}],"wp:attachment":[{"href":"https:\/\/www.irelena.com\/ca\/wp-json\/wp\/v2\/media?parent=52"}],"wp:term":[{"taxonomy":"category","embeddable":true,"href":"https:\/\/www.irelena.com\/ca\/wp-json\/wp\/v2\/categories?post=52"},{"taxonomy":"post_tag","embeddable":true,"href":"https:\/\/www.irelena.com\/ca\/wp-json\/wp\/v2\/tags?post=52"}],"curies":[{"name":"wp","href":"https:\/\/api.w.org\/{rel}","templated":true}]}}