{"id":49,"date":"2017-02-10T00:00:00","date_gmt":"2017-02-09T23:00:00","guid":{"rendered":"http:\/\/irelena.vl27225.dinaserver.com\/segueix-nos-a-facebook\/"},"modified":"2025-01-30T18:11:03","modified_gmt":"2025-01-30T17:11:03","slug":"segueix-nos-facebook","status":"publish","type":"post","link":"https:\/\/www.irelena.com\/ca\/segueix-nos-facebook\/","title":{"rendered":"Segueix-nos a Facebook"},"content":{"rendered":"<p>Des del nostre perfil de Facebook podr\u00e0s contactar amb la nostra botiga i estar al dia de les tend\u00e8ncies de decoraci\u00f3. Cada setmana publicarem les \u00faltimes novetats en cortines, aix\u00ed com projectes d&#8217;habitatges i hotels que ens agraden. Tamb\u00e9 donem consells de decoraci\u00f3, per ajudar-vos en l&#8217;elecci\u00f3 de les vostres cortines. Segueix-nos! t&#8217;estem esperant!<\/p>\n","protected":false},"excerpt":{"rendered":"<p>La nostra botiga de Cortines estrena Facebook! Les xarxes socials s&oacute;n importants per a nosaltres i per aix&ograve; estrenem compte de Facebook.<\/p>\n","protected":false},"author":2,"featured_media":50,"comment_status":"closed","ping_status":"open","sticky":false,"template":"","format":"standard","meta":{"_acf_changed":false,"footnotes":""},"categories":[16],"tags":[],"class_list":["post-49","post","type-post","status-publish","format-standard","has-post-thumbnail","hentry","category-uncategorized-ca"],"acf":[],"_links":{"self":[{"href":"https:\/\/www.irelena.com\/ca\/wp-json\/wp\/v2\/posts\/49","targetHints":{"allow":["GET"]}}],"collection":[{"href":"https:\/\/www.irelena.com\/ca\/wp-json\/wp\/v2\/posts"}],"about":[{"href":"https:\/\/www.irelena.com\/ca\/wp-json\/wp\/v2\/types\/post"}],"author":[{"embeddable":true,"href":"https:\/\/www.irelena.com\/ca\/wp-json\/wp\/v2\/users\/2"}],"replies":[{"embeddable":true,"href":"https:\/\/www.irelena.com\/ca\/wp-json\/wp\/v2\/comments?post=49"}],"version-history":[{"count":1,"href":"https:\/\/www.irelena.com\/ca\/wp-json\/wp\/v2\/posts\/49\/revisions"}],"predecessor-version":[{"id":1681,"href":"https:\/\/www.irelena.com\/ca\/wp-json\/wp\/v2\/posts\/49\/revisions\/1681"}],"wp:featuredmedia":[{"embeddable":true,"href":"https:\/\/www.irelena.com\/ca\/wp-json\/wp\/v2\/media\/50"}],"wp:attachment":[{"href":"https:\/\/www.irelena.com\/ca\/wp-json\/wp\/v2\/media?parent=49"}],"wp:term":[{"taxonomy":"category","embeddable":true,"href":"https:\/\/www.irelena.com\/ca\/wp-json\/wp\/v2\/categories?post=49"},{"taxonomy":"post_tag","embeddable":true,"href":"https:\/\/www.irelena.com\/ca\/wp-json\/wp\/v2\/tags?post=49"}],"curies":[{"name":"wp","href":"https:\/\/api.w.org\/{rel}","templated":true}]}}