{"id":1369,"date":"2017-04-29T00:00:00","date_gmt":"2017-04-28T22:00:00","guid":{"rendered":"http:\/\/irelena.vl27225.dinaserver.com\/com-triar-unes-cortines\/"},"modified":"2017-04-29T00:00:00","modified_gmt":"2017-04-28T22:00:00","slug":"com-triar-unes-cortines","status":"publish","type":"post","link":"https:\/\/www.irelena.com\/ca\/com-triar-unes-cortines\/","title":{"rendered":"Com triar unes cortines"},"content":{"rendered":"<p>Avui dia existeix una gran varietat de&nbsp;<a href=\"\/cortinas-medida\" title=\"Cortines a mida\">cortines<\/a> i teixits, cosa que pot fer dif\u00edcil la decisi\u00f3 d&#8217;escollir unes cortines.&nbsp; En primer lloc&nbsp; cal tenir en compte les nostres necessitats segons l&#8217;espai on volem col\u00b7locar les cortines. No \u00e9s el mateix una oficina amb molta llum, on necessitem tamisar l\u00b4entrada de llum directa per treballar o un dormitori, on podem necessitar foscor total a la nit o deixar passar la llum per\u00f2 preservar la intimitat durant el dia.   <br \/>Un cop haguem decidit el tipus de cortina que necessitem ens podem centrar en els criteris est\u00e8tics. En aquesta part hi entra en joc l&#8217;estil decoratiu de l&#8217;espai: estil del mobiliari, colors, gust del client. En funci\u00f3 d&#8217;aquests par\u00e0metres, triarem el tipus de teixit i el color&nbsp; que m\u00e9s encaixi a l&#8217;ambient. Finalment, quan&nbsp; el nostre instal\u00b7lador us visiti al lloc on&nbsp; es necessiti la cortina, s&#8217;acabaran de decidir altres detalls: col\u00b7locaci\u00f3 del riel al sostre o paret, ubicaci\u00f3 de la cadena per recollir la cortina, etc&#8230;   <\/p>\n<p>Podeu veure moltes fotografies de cortines, agrupades per tipus, a la p\u00e0gina web de la nostra botiga de cortines a barcelona:<\/p>\n<p><a href=\"\/\">http:\/\/www.irelena.com\/<br \/><\/a><br \/> i podeu sol\u00b7licitar un pressupost online de qualsevol tipus de cortina a mida a trav\u00e9s del formulari de la nostra web:<\/p>\n<p><a href=\"\/presupuesto-cortinas-medida\">http:\/\/www.irelena.com\/presupuesto-cortinas-medida<\/p>\n<p><\/a><\/p>\n","protected":false},"excerpt":{"rendered":"<p>Si la decoraci\u00f3 no \u00e9s el nostre, i tampoc sabem quin tipus de cortines s\u00f3n les que millor s&#8217;adapaten a les nostres necessitats, a la nostra <em>botiga de cortines<\/em> t&#8217;ajudarem.<br \/> Els nostres professionals tenen molts anys d&#8217;experi\u00e8ncia assessorant els clients i confeccionant <em>cortines a mida<\/em> per a llars, oficines i hotels.<br \/> Al nostre pinterest trobar\u00e0s moltes fotografies per ajudar-te en la teva decisi\u00f3&nbsp; : <em>cortines venecianes, estors, caigudes, cortines de lamel\u00b7les, panells japonesos, cortines enrotllables<\/em> .<\/p>\n","protected":false},"author":2,"featured_media":1471,"comment_status":"closed","ping_status":"open","sticky":false,"template":"","format":"standard","meta":{"_acf_changed":false,"footnotes":""},"categories":[],"tags":[],"class_list":["post-1369","post","type-post","status-publish","format-standard","has-post-thumbnail","hentry"],"acf":[],"_links":{"self":[{"href":"https:\/\/www.irelena.com\/ca\/wp-json\/wp\/v2\/posts\/1369","targetHints":{"allow":["GET"]}}],"collection":[{"href":"https:\/\/www.irelena.com\/ca\/wp-json\/wp\/v2\/posts"}],"about":[{"href":"https:\/\/www.irelena.com\/ca\/wp-json\/wp\/v2\/types\/post"}],"author":[{"embeddable":true,"href":"https:\/\/www.irelena.com\/ca\/wp-json\/wp\/v2\/users\/2"}],"replies":[{"embeddable":true,"href":"https:\/\/www.irelena.com\/ca\/wp-json\/wp\/v2\/comments?post=1369"}],"version-history":[{"count":0,"href":"https:\/\/www.irelena.com\/ca\/wp-json\/wp\/v2\/posts\/1369\/revisions"}],"wp:featuredmedia":[{"embeddable":true,"href":"https:\/\/www.irelena.com\/ca\/wp-json\/wp\/v2\/media\/1471"}],"wp:attachment":[{"href":"https:\/\/www.irelena.com\/ca\/wp-json\/wp\/v2\/media?parent=1369"}],"wp:term":[{"taxonomy":"category","embeddable":true,"href":"https:\/\/www.irelena.com\/ca\/wp-json\/wp\/v2\/categories?post=1369"},{"taxonomy":"post_tag","embeddable":true,"href":"https:\/\/www.irelena.com\/ca\/wp-json\/wp\/v2\/tags?post=1369"}],"curies":[{"name":"wp","href":"https:\/\/api.w.org\/{rel}","templated":true}]}}