{"id":1364,"date":"2018-03-11T00:00:00","date_gmt":"2018-03-10T23:00:00","guid":{"rendered":"http:\/\/irelena.vl27225.dinaserver.com\/cortines-a-mida-per-a-oficines-i-despatxos\/"},"modified":"2018-03-11T00:00:00","modified_gmt":"2018-03-10T23:00:00","slug":"cortines-a-mida-per-a-oficines-i-despatxos","status":"publish","type":"post","link":"https:\/\/www.irelena.com\/ca\/cortines-a-mida-per-a-oficines-i-despatxos\/","title":{"rendered":"Cortines a mida per a oficines i despatxos"},"content":{"rendered":"<p>No hi ha una norma fixa sobre quines s\u00f3n les millors cortines per a les finestres d&#8217;una oficina o despatx. &nbsp;<br \/>Es pot rec\u00f3rrer a cortines t\u00e8cniques, com enrotllables o cortines de lamel\u00b7les, per\u00f2 tamb\u00e9 es poden utilitzar cortines de teixit tradicional o estors, que li confereixen un ambient m\u00e9s c\u00e0lid i m\u00e9s personal a l&#8217;espai.&nbsp;<br \/>A les fotografies podreu veure com es pot rec\u00f3rrer a diferents tipus de cortines segons l&#8217;estil de l&#8217;espai.&nbsp;<br \/>Si necessiteu unes cortines per al vostre despatx o oficina podeu passar a veure&#8217;ns per la nostra botiga de Barcelona o sol\u00b7licitar-nos un pressupost online a trav\u00e9s de la nostra web:<\/p>\n<p><a href=\"\/presupuesto-cortinas-medida\">http:\/\/www.irelena.com\/presupuesto-cortinas-medida<\/a><\/p>\n","protected":false},"excerpt":{"rendered":"<p>A la nostra <em>botiga de cortines de Barcelona<\/em> tenim una gran varietat de <em>cortines per a oficines<\/em> i per a despatxos. Fa m\u00e9s de 40 anys que aportem solucions per a qualsevol tipus d&#8217;espai. <\/p>\n","protected":false},"author":2,"featured_media":1493,"comment_status":"closed","ping_status":"open","sticky":false,"template":"","format":"standard","meta":{"_acf_changed":false,"footnotes":""},"categories":[],"tags":[],"class_list":["post-1364","post","type-post","status-publish","format-standard","has-post-thumbnail","hentry"],"acf":[],"_links":{"self":[{"href":"https:\/\/www.irelena.com\/ca\/wp-json\/wp\/v2\/posts\/1364","targetHints":{"allow":["GET"]}}],"collection":[{"href":"https:\/\/www.irelena.com\/ca\/wp-json\/wp\/v2\/posts"}],"about":[{"href":"https:\/\/www.irelena.com\/ca\/wp-json\/wp\/v2\/types\/post"}],"author":[{"embeddable":true,"href":"https:\/\/www.irelena.com\/ca\/wp-json\/wp\/v2\/users\/2"}],"replies":[{"embeddable":true,"href":"https:\/\/www.irelena.com\/ca\/wp-json\/wp\/v2\/comments?post=1364"}],"version-history":[{"count":0,"href":"https:\/\/www.irelena.com\/ca\/wp-json\/wp\/v2\/posts\/1364\/revisions"}],"wp:featuredmedia":[{"embeddable":true,"href":"https:\/\/www.irelena.com\/ca\/wp-json\/wp\/v2\/media\/1493"}],"wp:attachment":[{"href":"https:\/\/www.irelena.com\/ca\/wp-json\/wp\/v2\/media?parent=1364"}],"wp:term":[{"taxonomy":"category","embeddable":true,"href":"https:\/\/www.irelena.com\/ca\/wp-json\/wp\/v2\/categories?post=1364"},{"taxonomy":"post_tag","embeddable":true,"href":"https:\/\/www.irelena.com\/ca\/wp-json\/wp\/v2\/tags?post=1364"}],"curies":[{"name":"wp","href":"https:\/\/api.w.org\/{rel}","templated":true}]}}