{"id":1356,"date":"2017-05-25T00:00:00","date_gmt":"2017-05-24T22:00:00","guid":{"rendered":"http:\/\/irelena.vl27225.dinaserver.com\/casa-decor-2017\/"},"modified":"2017-05-25T00:00:00","modified_gmt":"2017-05-24T22:00:00","slug":"casa-decor-2017","status":"publish","type":"post","link":"https:\/\/www.irelena.com\/ca\/casa-decor-2017\/","title":{"rendered":"Casa Decor 2017"},"content":{"rendered":"<p>En aquest post us presentem l&#8217;espai de Manuel Espejo. Es tracta d&#8217;un gran interiorista, que no nom\u00e9s destaca pels seus projectes exquisits, sin\u00f3 tamb\u00e9 pel seu carisma i simpatia. En aquesta ocasi\u00f3, el Manuel s&#8217;ha encarregat de decorar el restaurant de Casa Decor. La seva proposta \u00e9s un espai elegant i sofisticat,&nbsp; on ha combinat&nbsp; elements cl\u00e0ssics restaurats ja existents a l&#8217;edifici, com el preci\u00f3s parquet de fusta o les cornises cl\u00e0ssiques dels sostres, amb peces m\u00e9s modernes, com els quadres, llums i butaques entapissades.<br \/> Per vestir les finestres del restaurant, Manuel ha utilitzat unes elegants cortines venecianes de Fusta, que s&#8217;integren perfectament en aquest espai elegant.   <\/p>\n<p>Us recomanem visitar la web corporativa de Manuel Espejo, on podreu veure molts dels projectes que ha realitzat:<\/p>\n<p><a href=\"http:\/\/www.manuelespejo.es\/estudio\" target=\"_blank\" rel=\"noopener\">http:\/\/www.manuelespejo.es\/estudio<\/p>\n<p><\/a> Tamb\u00e9 recordeu-vos que a la nostra botiga de cortines de Barcelona som especialistes en cortines venecianes, i disposem d&#8217;un gran assortiment d&#8217;aquest i altres tipus de cortines.&nbsp; Pots sol\u00b7licitar un pressupost online d&#8217;unes cortines com les mostrades a trav\u00e9s del nostre formulari web:<\/p>\n<p><a href=\"\/presupuesto-cortinas-medida\">http:\/\/www.irelena.com\/pressupuesto-cortines-mesura<\/p>\n<p> O<\/a> tamb\u00e9 pots visitar-nos a la nostra botiga de cortines, ubicada a Barcelona, \u200b\u200bal barri de Nou barris. Estarem encantats d&#8217;antenders i fer un pressupost sense comprom\u00eds.<\/p>\n","protected":false},"excerpt":{"rendered":"<p>Aquests dies se celebra una nova edici\u00f3 de Casa Decor a Madrid. L&#8217;edici\u00f3 d&#8217;enguany coincideix amb el 25\u00e8 aniversari de Casa Decor i la ubicaci\u00f3 de l&#8217;esdeveniment \u00e9s un preci\u00f3s edifici al Carrer Antoni Maura, al costat del meravell\u00f3s parc del Retiro.<br \/> Els&nbsp; millors decoradors i interioristes del panorama espanyol, participen en aquesta edici\u00f3, presentant les seves propostes de decoraci\u00f3 i tend\u00e8ncies als diferents espais de l&#8217;edifici. Per a aquells que no puguin visitar-la, des de la nostra botiga de cortines de barcelona, \u200b\u200bus volem presentar els espais que m\u00e9s ens han agradat i mostrar quins tipus de cortines utilitzen els decoradors per a les vostres propostes.  <\/p>\n","protected":false},"author":2,"featured_media":1477,"comment_status":"closed","ping_status":"open","sticky":false,"template":"","format":"standard","meta":{"_acf_changed":false,"footnotes":""},"categories":[],"tags":[],"class_list":["post-1356","post","type-post","status-publish","format-standard","has-post-thumbnail","hentry"],"acf":[],"_links":{"self":[{"href":"https:\/\/www.irelena.com\/ca\/wp-json\/wp\/v2\/posts\/1356","targetHints":{"allow":["GET"]}}],"collection":[{"href":"https:\/\/www.irelena.com\/ca\/wp-json\/wp\/v2\/posts"}],"about":[{"href":"https:\/\/www.irelena.com\/ca\/wp-json\/wp\/v2\/types\/post"}],"author":[{"embeddable":true,"href":"https:\/\/www.irelena.com\/ca\/wp-json\/wp\/v2\/users\/2"}],"replies":[{"embeddable":true,"href":"https:\/\/www.irelena.com\/ca\/wp-json\/wp\/v2\/comments?post=1356"}],"version-history":[{"count":0,"href":"https:\/\/www.irelena.com\/ca\/wp-json\/wp\/v2\/posts\/1356\/revisions"}],"wp:featuredmedia":[{"embeddable":true,"href":"https:\/\/www.irelena.com\/ca\/wp-json\/wp\/v2\/media\/1477"}],"wp:attachment":[{"href":"https:\/\/www.irelena.com\/ca\/wp-json\/wp\/v2\/media?parent=1356"}],"wp:term":[{"taxonomy":"category","embeddable":true,"href":"https:\/\/www.irelena.com\/ca\/wp-json\/wp\/v2\/categories?post=1356"},{"taxonomy":"post_tag","embeddable":true,"href":"https:\/\/www.irelena.com\/ca\/wp-json\/wp\/v2\/tags?post=1356"}],"curies":[{"name":"wp","href":"https:\/\/api.w.org\/{rel}","templated":true}]}}