{"id":1354,"date":"2024-10-20T00:00:00","date_gmt":"2024-10-19T22:00:00","guid":{"rendered":"http:\/\/irelena.vl27225.dinaserver.com\/com-canviar-el-look-del-teu-salo-facilment-aquesta-tardor\/"},"modified":"2025-01-29T15:03:19","modified_gmt":"2025-01-29T14:03:19","slug":"com-canviar-el-look-del-teu-salo-facilment-aquesta-tardor","status":"publish","type":"post","link":"https:\/\/www.irelena.com\/ca\/com-canviar-el-look-del-teu-salo-facilment-aquesta-tardor\/","title":{"rendered":"Com canviar el look del teu sal\u00f3 f\u00e0cilment aquesta tardor"},"content":{"rendered":"<p>A continuaci\u00f3, et comparteixo algunes idees que transformaran la teva llar aquesta tardor, usant elements clau com coixins, mantes, cortines i altres accessoris que trobar\u00e0s a la nostra <strong>botiga de cortines<\/strong> a Barcelona, \u200b\u200bque fa m\u00e9s de 60 anys que embelleix llars.<\/p>\n<h3>1. Juga amb els coixins<\/h3>\n<p>Un dels canvis m\u00e9s f\u00e0cils i r\u00e0pids que pots fer \u00e9s actualitzar els coixins del teu sof\u00e0. Els tons de tardor com ocres, terra i argila s\u00f3n perfectes per a aquesta \u00e8poca de l&#8217;any. Afegir coixins en diferents mides i textures, com vellut o lli, no nom\u00e9s aportar\u00e0 calidesa, sin\u00f3 que tamb\u00e9 donar\u00e0 un toc acollidor i modern al teu sal\u00f3. Si t&#8217;inspires en la imatge que acompanya aquest post, veur\u00e0s com els coixins en tons beix i marrons, combinats amb t\u00e8xtils suaus, transformen qualsevol ambient.   <\/p>\n<h3>2. Mantes: calidesa i estil<\/h3>\n<p>Una manteta \u00e9s l&#8217;accessori imprescindible de la tardor. Tria&#8217;n una en colors neutres com beix o marr\u00f3 clar, o anima&#8217;t amb un to terracota per donar-li un toc vibrant. Col\u00b7locar-la estrat\u00e8gicament sobre el respatller del sof\u00e0 o en una butaca convida al relax, mentre afegeix textura a la decoraci\u00f3. Una manta ben triada pot transformar un espai sense esfor\u00e7, aportant tant funcionalitat com a estil.   <\/p>\n<h3>3. Actualitza les cortines<\/h3>\n<p>Les cortines s\u00f3n clau per canviar el look de qualsevol habitaci\u00f3. Si vols donar al teu sal\u00f3 un aire m\u00e9s acollidor i tardorenc, opta per teixits m\u00e9s gruixuts o cortines amb estampats subtils en tons naturals. A la nostra <strong>botiga de cortines<\/strong> a Barcelona, \u200b\u200bpodeu trobar una gran varietat d&#8217;estils i materials que s&#8217;adaptaran a qualsevol decoraci\u00f3. A m\u00e9s, unes bones cortines no nom\u00e9s vesteixen les finestres, sin\u00f3 que tamb\u00e9 ajuden a mantenir la calor els mesos m\u00e9s freds.   <\/p>\n<h3>4. Una catifa que transformi l&#8217;espai<\/h3>\n<p>Una catifa pot ser el toc final perfecte per a la teva sala. Els tons terra, marrons i ocres s\u00f3n ideals per a aquesta temporada, i aporten calidesa visual a m\u00e9s de ser funcionals. Busca una catifa suau que complementi la resta de la decoraci\u00f3 i que, alhora, convidi a gaudir de moments acollidors al sof\u00e0.  <\/p>\n<h3>5. Afegeix flors seques<\/h3>\n<p>Per donar-li un toc final tardorenc al teu sal\u00f3, col\u00b7loca un ram de flors seques en un bonic gerro de cer\u00e0mica o vidre. Els tons c\u00e0lids de les flors seques, com els ocres i marrons, combinen a la perfecci\u00f3 amb els coixins, les mantes i les cortines que tri\u00efs. A m\u00e9s, aporten aquest toc de natura que tant relaxa aquesta \u00e8poca de l&#8217;any.<br \/> Pels nostres estilismes, sempre confiem en el bon gust de la floristeria <a href=\"https:\/\/muguetflorista.com\/\" target=\"_blank\" rel=\"noopener\">https:\/\/muguetflorista.com\/<\/a>  <\/p>\n<p>Amb aquests senzills canvis, pots transformar el teu sal\u00f3 en un espai acollidor ia la moda sense necessitat de fer grans inversions. Si necessiteu ajuda o inspiraci\u00f3, no dubteu a visitar la nostra <strong>botiga de cortines<\/strong> a Barcelona. Fa m\u00e9s de sis d\u00e8cades que ajudem els nostres clients a crear llars plenes d&#8217;estil i confort!  <\/p>\n<h3>Anima&#8217;t a renovar la teva llar amb les tend\u00e8ncies d&#8217;aquesta tardor!<\/h3>\n","protected":false},"excerpt":{"rendered":"<p>Si sents que el teu sal\u00f3 necessita un canvi, per\u00f2 no vols ficar-te en grans reformes ni gastar massa, ets al lloc adequat! Com a decoradora d&#8217;interiors amb anys d&#8217;experi\u00e8ncia, us vull explicar que \u00e9s possible donar un aire renovat al vostre espai de manera senzilla i econ\u00f2mica. A la nostra botiga de cortines i roba de llar tenim tot el que necessites per aconseguir-ho.  <\/p>\n","protected":false},"author":2,"featured_media":1639,"comment_status":"closed","ping_status":"closed","sticky":false,"template":"","format":"standard","meta":{"_acf_changed":false,"footnotes":""},"categories":[1,16],"tags":[],"class_list":["post-1354","post","type-post","status-publish","format-standard","has-post-thumbnail","hentry","category-sin-categorizar","category-uncategorized-ca"],"acf":[],"_links":{"self":[{"href":"https:\/\/www.irelena.com\/ca\/wp-json\/wp\/v2\/posts\/1354","targetHints":{"allow":["GET"]}}],"collection":[{"href":"https:\/\/www.irelena.com\/ca\/wp-json\/wp\/v2\/posts"}],"about":[{"href":"https:\/\/www.irelena.com\/ca\/wp-json\/wp\/v2\/types\/post"}],"author":[{"embeddable":true,"href":"https:\/\/www.irelena.com\/ca\/wp-json\/wp\/v2\/users\/2"}],"replies":[{"embeddable":true,"href":"https:\/\/www.irelena.com\/ca\/wp-json\/wp\/v2\/comments?post=1354"}],"version-history":[{"count":1,"href":"https:\/\/www.irelena.com\/ca\/wp-json\/wp\/v2\/posts\/1354\/revisions"}],"predecessor-version":[{"id":1371,"href":"https:\/\/www.irelena.com\/ca\/wp-json\/wp\/v2\/posts\/1354\/revisions\/1371"}],"wp:featuredmedia":[{"embeddable":true,"href":"https:\/\/www.irelena.com\/ca\/wp-json\/wp\/v2\/media\/1639"}],"wp:attachment":[{"href":"https:\/\/www.irelena.com\/ca\/wp-json\/wp\/v2\/media?parent=1354"}],"wp:term":[{"taxonomy":"category","embeddable":true,"href":"https:\/\/www.irelena.com\/ca\/wp-json\/wp\/v2\/categories?post=1354"},{"taxonomy":"post_tag","embeddable":true,"href":"https:\/\/www.irelena.com\/ca\/wp-json\/wp\/v2\/tags?post=1354"}],"curies":[{"name":"wp","href":"https:\/\/api.w.org\/{rel}","templated":true}]}}