{"id":1353,"date":"2023-11-26T00:00:00","date_gmt":"2023-11-25T23:00:00","guid":{"rendered":"http:\/\/irelena.vl27225.dinaserver.com\/estors-a-mida-per-a-aquesta-reforma-de-somosnido\/"},"modified":"2025-01-29T15:00:35","modified_gmt":"2025-01-29T14:00:35","slug":"estors-a-mida-per-a-aquesta-reforma-de-somosnido","status":"publish","type":"post","link":"https:\/\/www.irelena.com\/ca\/estors-a-mida-per-a-aquesta-reforma-de-somosnido\/","title":{"rendered":"Estors a mida per a aquesta reforma de Somosnido"},"content":{"rendered":"<p>Benvinguts al nostre bloc, amants del disseny i la decoraci\u00f3! En aquesta ocasi\u00f3 volem compartir amb vosaltres un projecte dut a terme per l&#8217;estudi de decoraci\u00f3 Somosnido, al cor de Barcelona. Es tracta de la remodelaci\u00f3 d&#8217;un pis destinat a un home jove, aconseguint fusionar a la perfecci\u00f3 un estil mascul\u00ed amb la calidesa i l&#8217;acollidora atmosfera que tots busquem a casa nostra.  <\/p>\n<p><strong>El Projecte de Somosnit: Estil Mascul\u00ed, Calidesa Atemporal<\/strong><\/p>\n<p>Somosnido ha demostrat una vegada m\u00e9s el seu mestratge en el disseny d&#8217;interiors en transformar aquest pis en un espai que reflecteix la personalitat del propietari. L&#8217;estudi ha aconseguit crear un ambient mascul\u00ed, contemporani i alhora c\u00e0lid, ressaltant la import\u00e0ncia de cada detall. <\/p>\n<p><\/p>\n<p><strong>Les Cortines de Semil\u00ed: Modernitat i Practicitat en un Sol Element<\/strong><\/p>\n<p>Un dels elements clau d\u201faquesta transformaci\u00f3 han estat les cortines de semil\u00ed confeccionades especialment per a aquest projecte. Aquestes cortines no nom\u00e9s afegeixen un toc modern i elegant a l&#8217;espai, sin\u00f3 que tamb\u00e9 compleixen la funcionalitat pr\u00e0ctica que caracteritza les creacions de Somosnido. <\/p>\n<p>El semil\u00ed, una barreja de lli i altres fibres, ofereix la suavitat i la textura distintiva del lli, per\u00f2 amb l&#8217;avantatge de ser m\u00e9s resistent a l&#8217;arrugat. Aix\u00f2 fa que les cortines siguin perfectes per al dia a dia, proporcionant un toc de luxe sense sacrificar la comoditat i la facilitat de manteniment. <\/p>\n<p><strong>Caracter\u00edstiques Destacades de les Cortines:<\/strong><\/p>\n<ol>\n<li>\n<p><strong>Estil Vers\u00e0til:<\/strong> Les cortines de semil\u00ed s&#8217;adapten perfectament a l&#8217;estil mascul\u00ed del pis, aportant un toc de sofisticaci\u00f3 alhora que mantenen una aparen\u00e7a relaxada i acollidora.<\/p>\n<\/li>\n<li>\n<p><strong>Facilitat de Manteniment:<\/strong> La possibilitat de rentar aquestes cortines a casa \u00e9s un avantatge indiscutible. Aix\u00f2 no nom\u00e9s en facilita la cura, sin\u00f3 que tamb\u00e9 garanteix la durabilitat al llarg del temps. <\/p>\n<\/li>\n<\/ol>\n<p><strong>Troba les teves Cortines Perfectes a la nostra Botiga a Barcelona<\/strong><\/p>\n<p>Si t&#8217;has enamorat d&#8217;aquest projecte i desitges incorporar el mateix nivell d&#8217;eleg\u00e0ncia i comoditat a casa teva, no busquis m\u00e9s! A la nostra botiga de cortines a Barcelona trobareu una varietat d&#8217;opcions que s&#8217;adapten a tots els estils i necessitats. <\/p>\n<p>Visita&#8217;ns i descobreix com les cortines poden transformar completament l&#8217;atmosfera del teu espai.<\/p>\n<p>Recordeu, a la nostra botiga de cortines a Barcelona, \u200b\u200bla qualitat, l&#8217;estil i la funcionalitat s&#8217;uneixen per crear una llar que reflecteixi la vostra personalitat \u00fanica. T&#8217;esperem amb les cortines perfectes per al teu espai! <\/p>\n","protected":false},"excerpt":{"rendered":"<p>Benvinguts al nostre bloc, amants del disseny i la decoraci\u00f3! En aquesta ocasi\u00f3 volem compartir amb vosaltres un projecte dut a terme per l&#8217;estudi de decoraci\u00f3 Somosnido, al cor de Barcelona. Es tracta de la remodelaci\u00f3 d&#8217;un pis destinat a un home jove, aconseguint fusionar a la perfecci\u00f3 un estil mascul\u00ed amb la calidesa i l&#8217;acollidora atmosfera que tots busquem a casa nostra.  <\/p>\n","protected":false},"author":2,"featured_media":1616,"comment_status":"closed","ping_status":"closed","sticky":false,"template":"","format":"standard","meta":{"_acf_changed":false,"footnotes":""},"categories":[16],"tags":[],"class_list":["post-1353","post","type-post","status-publish","format-standard","has-post-thumbnail","hentry","category-uncategorized-ca"],"acf":[],"_links":{"self":[{"href":"https:\/\/www.irelena.com\/ca\/wp-json\/wp\/v2\/posts\/1353","targetHints":{"allow":["GET"]}}],"collection":[{"href":"https:\/\/www.irelena.com\/ca\/wp-json\/wp\/v2\/posts"}],"about":[{"href":"https:\/\/www.irelena.com\/ca\/wp-json\/wp\/v2\/types\/post"}],"author":[{"embeddable":true,"href":"https:\/\/www.irelena.com\/ca\/wp-json\/wp\/v2\/users\/2"}],"replies":[{"embeddable":true,"href":"https:\/\/www.irelena.com\/ca\/wp-json\/wp\/v2\/comments?post=1353"}],"version-history":[{"count":1,"href":"https:\/\/www.irelena.com\/ca\/wp-json\/wp\/v2\/posts\/1353\/revisions"}],"predecessor-version":[{"id":1376,"href":"https:\/\/www.irelena.com\/ca\/wp-json\/wp\/v2\/posts\/1353\/revisions\/1376"}],"wp:featuredmedia":[{"embeddable":true,"href":"https:\/\/www.irelena.com\/ca\/wp-json\/wp\/v2\/media\/1616"}],"wp:attachment":[{"href":"https:\/\/www.irelena.com\/ca\/wp-json\/wp\/v2\/media?parent=1353"}],"wp:term":[{"taxonomy":"category","embeddable":true,"href":"https:\/\/www.irelena.com\/ca\/wp-json\/wp\/v2\/categories?post=1353"},{"taxonomy":"post_tag","embeddable":true,"href":"https:\/\/www.irelena.com\/ca\/wp-json\/wp\/v2\/tags?post=1353"}],"curies":[{"name":"wp","href":"https:\/\/api.w.org\/{rel}","templated":true}]}}