{"id":1348,"date":"2024-01-01T00:00:00","date_gmt":"2023-12-31T23:00:00","guid":{"rendered":"http:\/\/irelena.vl27225.dinaserver.com\/transformacio-dun-loft-a-barcelona-acollidor-lluminos-i-elegant\/"},"modified":"2025-01-29T15:00:34","modified_gmt":"2025-01-29T14:00:34","slug":"transformacio-dun-loft-a-barcelona-acollidor-lluminos-i-elegant","status":"publish","type":"post","link":"https:\/\/www.irelena.com\/ca\/transformacio-dun-loft-a-barcelona-acollidor-lluminos-i-elegant\/","title":{"rendered":"Transformaci\u00f3 d&#8217;un Loft a Barcelona: Acollidor, Llumin\u00f3s i Elegant"},"content":{"rendered":"<p>La reforma se centra en l&#8217;optimitzaci\u00f3 de l&#8217;espai, aprofitant al m\u00e0xim cada rac\u00f3 per crear una llar funcional i est\u00e8ticament atractiva. La combinaci\u00f3 de tons suaus i la tria de materials naturals contribueixen a la sensaci\u00f3 de calidesa que envolta tot el loft. <\/p>\n<p><strong>Finestres que Parlen: Cortines a Mida a Barcelona<\/strong><\/p>\n<p>El joc de llum exerceix un paper crucial a la m\u00e0gia d&#8217;aquest loft, i les cortines acuradament seleccionades juguen un paper protagonista. En col\u00b7laboraci\u00f3 amb la nostra botiga de cortines a Barcelona, \u200b\u200bes van triar cortines de lli per vestir les finestres. Aquestes no nom\u00e9s proporcionen privadesa sin\u00f3 que tamb\u00e9 suavitzen la llum natural que inunda l&#8217;espai, creant una atmosfera relaxant i acollidora.  <\/p>\n<p>Les venecianes de fusta afegeixen un toc d&#8217;eleg\u00e0ncia i de versatilitat al disseny. Permeten controlar la quantitat de llum que entra, creant bells jocs de llums i ombres a tot el loft. A m\u00e9s, el disseny modern i funcional les converteix en l&#8217;elecci\u00f3 perfecta per a aquest espai contemporani.  <\/p>\n<p><strong>Cortines a Mesura a Barcelona: El teu Toc Personal<\/strong><\/p>\n<p>A la nostra botiga de cortines a Barcelona, \u200b\u200bentenem la import\u00e0ncia de personalitzar cada detall segons les teves prefer\u00e8ncies i necessitats. Oferim una \u00e0mplia gamma d&#8217;opcions des de teles b\u00e0siques econ\u00f2miques fins als teixits dels millors editors espanyols. El nostre objectiu \u00e9s brindar-te cortines a mesura que no nom\u00e9s complementin el teu espai, sin\u00f3 que tamb\u00e9 reflecteixin el teu estil \u00fanic, sempre ajustant-nos al teu pressupost.  <\/p>\n<p>Si est\u00e0s planejant una renovaci\u00f3 o simplement desitges donar-li un toc fresc a casa teva, et convidem a visitar la nostra botiga de cortines a Barcelona! Descobreix com petits detalls, com les cortines adequades, poden transformar completament el teu espai, igual que ho vam fer en aquest encantador loft. <\/p><\/p>\n","protected":false},"excerpt":{"rendered":"<p>Aqu\u00ed teniu un dels darrers projectes on hem col\u00b7laborat amb l&#8217;estudi d&#8217;interiorisme Somosnido. Aquest petit \u00e0tic tipus loft es troba al barri de Sants de Barcelona i ha estat completament transformat pel Tessa Muga i el seu equip de Somosnido. La clienta, una distingida actriu i directora de cinema espanyola, buscava un espai que reflect\u00eds la seva ess\u00e8ncia creativa i ofer\u00eds una atmosfera acollidora i lluminosa.  <\/p>\n","protected":false},"author":2,"featured_media":1625,"comment_status":"closed","ping_status":"closed","sticky":false,"template":"","format":"standard","meta":{"_acf_changed":false,"footnotes":""},"categories":[16],"tags":[],"class_list":["post-1348","post","type-post","status-publish","format-standard","has-post-thumbnail","hentry","category-uncategorized-ca"],"acf":[],"_links":{"self":[{"href":"https:\/\/www.irelena.com\/ca\/wp-json\/wp\/v2\/posts\/1348","targetHints":{"allow":["GET"]}}],"collection":[{"href":"https:\/\/www.irelena.com\/ca\/wp-json\/wp\/v2\/posts"}],"about":[{"href":"https:\/\/www.irelena.com\/ca\/wp-json\/wp\/v2\/types\/post"}],"author":[{"embeddable":true,"href":"https:\/\/www.irelena.com\/ca\/wp-json\/wp\/v2\/users\/2"}],"replies":[{"embeddable":true,"href":"https:\/\/www.irelena.com\/ca\/wp-json\/wp\/v2\/comments?post=1348"}],"version-history":[{"count":1,"href":"https:\/\/www.irelena.com\/ca\/wp-json\/wp\/v2\/posts\/1348\/revisions"}],"predecessor-version":[{"id":1374,"href":"https:\/\/www.irelena.com\/ca\/wp-json\/wp\/v2\/posts\/1348\/revisions\/1374"}],"wp:featuredmedia":[{"embeddable":true,"href":"https:\/\/www.irelena.com\/ca\/wp-json\/wp\/v2\/media\/1625"}],"wp:attachment":[{"href":"https:\/\/www.irelena.com\/ca\/wp-json\/wp\/v2\/media?parent=1348"}],"wp:term":[{"taxonomy":"category","embeddable":true,"href":"https:\/\/www.irelena.com\/ca\/wp-json\/wp\/v2\/categories?post=1348"},{"taxonomy":"post_tag","embeddable":true,"href":"https:\/\/www.irelena.com\/ca\/wp-json\/wp\/v2\/tags?post=1348"}],"curies":[{"name":"wp","href":"https:\/\/api.w.org\/{rel}","templated":true}]}}