{"id":1340,"date":"2021-10-16T00:00:00","date_gmt":"2021-10-15T22:00:00","guid":{"rendered":"http:\/\/irelena.vl27225.dinaserver.com\/troba-les-teves-cortines-al-nostre-pinterest\/"},"modified":"2025-01-29T15:00:41","modified_gmt":"2025-01-29T14:00:41","slug":"troba-les-teves-cortines-al-nostre-pinterest","status":"publish","type":"post","link":"https:\/\/www.irelena.com\/ca\/troba-les-teves-cortines-al-nostre-pinterest\/","title":{"rendered":"Troba les teves cortines al nostre Pinterest"},"content":{"rendered":"<p>Avui dia hi ha molts tipus de cortines diferents: cortines amb ollats, ona perfecta, estors, enrotllables, cortines nit i dia. Per con\u00e8ixer totes les opcions que tens disponibles i ajudar-te a visualitzar la que m\u00e9s pot encaixar en les teves necessitats, tant est\u00e8tiques com a funcionals, hem incorporat moltes fotos noves al nostre compte de pinterest. All\u00ed podr\u00e0s trobar diferents taulers organitzats per tipus de cortines.  <\/p>\n<p>https:\/\/pin.it\/3NTnJDo<\/p>\n<p>Si vols que et fem un pressupost per a les teves cortines a mida, nom\u00e9s ens has d&#8217;enviar la foto que m\u00e9s t&#8217;agradi per email juntament amb les mides de la finestra on necessites la teva cortina. Si ho prefereixes, tamb\u00e9 pots sol\u00b7licitar el teu pressupost en l\u00ednia a trav\u00e9s del formulari de la nostra web. &nbsp;<\/p>\n<p>Si necessiteu m\u00e9s ajuda amb l&#8217;elecci\u00f3 de les vostres cortines, no dubteu a passar per la nostra botiga de Barcelona. Estarem encantats d&#8217;atendre&#8217;t. <\/p>\n","protected":false},"excerpt":{"rendered":"<p>Sabem que l&#8217;elecci\u00f3 d&#8217;unes cortines pot ser dif\u00edcil. Per aix\u00f2, hem actualitzat el nostre compte de pinterest amb moltes fotografies i idees per ajudar-te a la tasca. <\/p>\n","protected":false},"author":2,"featured_media":1552,"comment_status":"closed","ping_status":"closed","sticky":false,"template":"","format":"standard","meta":{"_acf_changed":false,"footnotes":""},"categories":[16],"tags":[],"class_list":["post-1340","post","type-post","status-publish","format-standard","has-post-thumbnail","hentry","category-uncategorized-ca"],"acf":[],"_links":{"self":[{"href":"https:\/\/www.irelena.com\/ca\/wp-json\/wp\/v2\/posts\/1340","targetHints":{"allow":["GET"]}}],"collection":[{"href":"https:\/\/www.irelena.com\/ca\/wp-json\/wp\/v2\/posts"}],"about":[{"href":"https:\/\/www.irelena.com\/ca\/wp-json\/wp\/v2\/types\/post"}],"author":[{"embeddable":true,"href":"https:\/\/www.irelena.com\/ca\/wp-json\/wp\/v2\/users\/2"}],"replies":[{"embeddable":true,"href":"https:\/\/www.irelena.com\/ca\/wp-json\/wp\/v2\/comments?post=1340"}],"version-history":[{"count":1,"href":"https:\/\/www.irelena.com\/ca\/wp-json\/wp\/v2\/posts\/1340\/revisions"}],"predecessor-version":[{"id":1388,"href":"https:\/\/www.irelena.com\/ca\/wp-json\/wp\/v2\/posts\/1340\/revisions\/1388"}],"wp:featuredmedia":[{"embeddable":true,"href":"https:\/\/www.irelena.com\/ca\/wp-json\/wp\/v2\/media\/1552"}],"wp:attachment":[{"href":"https:\/\/www.irelena.com\/ca\/wp-json\/wp\/v2\/media?parent=1340"}],"wp:term":[{"taxonomy":"category","embeddable":true,"href":"https:\/\/www.irelena.com\/ca\/wp-json\/wp\/v2\/categories?post=1340"},{"taxonomy":"post_tag","embeddable":true,"href":"https:\/\/www.irelena.com\/ca\/wp-json\/wp\/v2\/tags?post=1340"}],"curies":[{"name":"wp","href":"https:\/\/api.w.org\/{rel}","templated":true}]}}